{"id":253946,"date":"2025-10-06T15:32:45","date_gmt":"2025-10-06T13:32:45","guid":{"rendered":"https:\/\/www.ritzy.ch\/?p=253946"},"modified":"2025-09-25T16:27:36","modified_gmt":"2025-09-25T14:27:36","slug":"cours-de-langue-pour-hoteliers-restaurateurs-valais","status":"publish","type":"post","link":"https:\/\/www-stg.ritzy.ch\/fr\/cours-de-langue-pour-hoteliers-restaurateurs-valais\/","title":{"rendered":"Cours de langue avec vue \u2013 Comment un cours ritzy* devient la sc\u00e8ne d\u2019un storytelling linguistique et culinaire"},"content":{"rendered":"\n<p>En Valais, o\u00f9 les Alpes d\u00e9voilent leurs ar\u00eates les plus escarp\u00e9es et o\u00f9 des anciennes traditions c\u00f4toient une \u00e9l\u00e9gance cosmopolite, une histoire singuli\u00e8re prend vie. Ici, la langue n\u2019est pas qu\u2019un simple outil de communication\u202f: elle fait partie int\u00e9grante de l\u2019identit\u00e9 \u2013 que ce soit au quotidien, dans le tourisme, ou dans le secteur raffin\u00e9 de la gastronomie et de l\u2019h\u00f4tellerie.<\/p>\n\n\n\n<p>Quiconque visite le Valais est confront\u00e9 \u00e0 un fascinant trilinguisme : le haut-valaisan (Walliserdeutsch), le fran\u00e7ais et l\u2019italien se m\u00ealent souvent dans une m\u00eame conversation. Et pour celles et ceux qui y vivent ou y travaillent, un constat s\u2019impose imm\u00e9diatement : parler plusieurs langues n\u2019est pas qu\u2019un atout pratique \u2013 mais un besoin essentiel.<br>Surtout pour les professionnels de l\u2019h\u00f4tellerie et de la gastronomie, la langue devient la cl\u00e9 du succ\u00e8s, de l\u2019authenticit\u00e9 et de moments inoubliables pour les clients.<\/p>\n\n\n\n<h2 class=\"wp-block-heading\"><strong>La langue de l\u2019hospitalit\u00e9<\/strong><\/h2>\n\n\n\n<p>Imaginez un h\u00f4tel de l\u00e9gende nich\u00e9 dans le charmant village de Grimentz, une r\u00e9ception en bois de cerisier poli, et l\u2019air frais des Alpes qui entre par les fen\u00eatres ouvertes. Une famille allemande s\u2019enregistre, un couple fran\u00e7ais arrive pour d\u00eener, et le lendemain matin, deux influenceurs italiens commandent leur cappuccino.<\/p>\n\n\n\n<p>Pour le personnel, il est essentiel non seulement de comprendre ces langues, mais aussi d\u2019y mettre des \u00e9motions. Cordialit\u00e9 fran\u00e7aise, discr\u00e9tion italienne, pr\u00e9cision allemande \u2013 chaque langue a sa dynamique propre, ses subtilit\u00e9s.<br>Celles et ceux qui les ma\u00eetrisent \u00e9l\u00e8vent l\u2019exp\u00e9rience client \u00e0 un tout autre niveau.<\/p>\n\n\n\n<p>C\u2019est pourquoi de nombreux \u00e9tablissements valaisans \u2013 qu\u2019il s\u2019agisse de palaces historiques ou de lodges design contemporains \u2013 misent sur des formations linguistiques internes ou externes.<br>Les cours sont souvent ancr\u00e9s dans la r\u00e9alit\u00e9 du terrain\u202f: bavardage autour du buffet du petit-d\u00e9jeuner, conseils de randonn\u00e9es, ou encore service de vins lors d\u2019un d\u00eener aux chandelles.<\/p>\n\n\n\n<h2 class=\"wp-block-heading\"><strong>Des cours de langue int\u00e9gr\u00e9s \u00e0 l\u2019exp\u00e9rience collaborateur<\/strong><\/h2>\n\n\n\n<p>Un bon exemple se trouve dans un h\u00f4tel traditionnel situ\u00e9 au-dessus de Lo\u00e8che-les-Bains. L\u2019\u00e9tablissement a mis en place un programme linguistique interne qui d\u00e9passe les standards habituels. Les collaborateurs et collaboratrices peuvent b\u00e9n\u00e9ficier chaque semaine de coachings linguistiques \u2013 non pas en cours magistraux, mais en petits groupes, directement sur leur lieu de travail.<\/p>\n\n\n\n<blockquote class=\"wp-block-quote is-layout-flow wp-block-quote-is-layout-flow\">\n<p>Une sommeli\u00e8re t\u00e9moigne :<br><em>Ce cours de langue m\u2019a permis de mieux comprendre et servir mes clients internationaux. Et chez ritzy*<\/em>, j\u2019ai m\u00eame pu choisir entre des sessions dans ma r\u00e9gion voire directement dans mon \u00e9tablissement.<\/p>\n<\/blockquote>\n\n\n\n<p>Ces h\u00f4tels ont compris que les comp\u00e9tences linguistiques ne sont pas seulement un plus pour la client\u00e8le \u2013 elles renforcent aussi la confiance du personnel. R\u00e9sultat : une fid\u00e9lisation accrue, une meilleure satisfaction du client et une culture d\u2019entreprise o\u00f9 la diversit\u00e9 est non seulement accept\u00e9e, mais valoris\u00e9e.<\/p>\n\n\n\n<h2 class=\"wp-block-heading\"><strong>La richesse linguistique comme outil de storytelling<\/strong><\/h2>\n\n\n\n<p>Mais l\u2019impact va encore plus loin : en Valais, la langue devient un outil de narration.<br>De nombreux \u00e9tablissements racontent leur histoire en plusieurs langues \u2013 sur leurs sites web, dans leurs cartes de menus ou \u00e0 travers l\u2019architecture.<br>\u00c0 Zermatt, un h\u00f4tel accueille ses h\u00f4tes avec une brochure multilingue qui ne se contente pas de traduire, mais raconte\u202f: l\u2019histoire de l\u2019arri\u00e8re-grand-p\u00e8re fondateur, l\u2019\u00e9volution des lieux, l\u2019authenticit\u00e9 alpine alli\u00e9e \u00e0 une ambiance contemporaine.<\/p>\n\n\n\n<p>Dans ce contexte, la langue devient un v\u00e9ritable levier cr\u00e9atif.<br>Dans la gastronomie, cela se ressent fortement : si les menus sont souvent multilingues, les grands chefs vont plus loin. Ils adaptent la mani\u00e8re de communiquer \u00e0 la sensibilit\u00e9 de leur client\u00e8le. Un client\u00b7 fran\u00e7ais appr\u00e9ciera une description sensorielle du plat, tandis qu\u2019un germanophone privil\u00e9giera clart\u00e9 et pr\u00e9cision.<\/p>\n\n\n\n<blockquote class=\"wp-block-quote is-layout-flow wp-block-quote-is-layout-flow\">\n<p>Un jeune chef ayant r\u00e9cemment particip\u00e9 \u00e0 un cours ritzy* r\u00e9sume bien la situation :<br><em>Un plat commence avec les mots. Quand je dis \u201cfilet de saumon fum\u00e9 des Alpes, mousse de g\u00e9n\u00e9pi et croustillant de miel floral\u201d, je raconte d\u00e9j\u00e0 une histoire \u2013 bien avant que la premi\u00e8re bouch\u00e9e ne touche le palais.<\/em><\/p>\n<\/blockquote>\n\n\n\n<h2 class=\"wp-block-heading\"><strong>Les cours de langue comme tremplin professionnel<\/strong><\/h2>\n\n\n\n<p>Pour de nombreux jeunes qui d\u00e9marrent leur carri\u00e8re dans l\u2019h\u00f4tellerie ou la restauration en Valais, les cours de langue sont une v\u00e9ritable rampe de lancement.<br>Les stagiaires et apprentis internationaux\u00b7 en b\u00e9n\u00e9ficient particuli\u00e8rement.<br>Un exemple : le <strong>programme linguistique ritzy<\/strong>*, qui fait de la polyvalence linguistique un v\u00e9ritable facteur de r\u00e9ussite dans l\u2019h\u00f4tellerie et la gastronomie.<\/p>\n\n\n\n<p>Les participants n\u2019y apprennent pas seulement une langue, mais sont aussi sensibilis\u00e9s aux aspects culturels lors d\u2019ateliers sp\u00e9cifiques.<br>L\u2019objectif est clair\u202f: les apprenants doivent non seulement savoir communiquer, mais aussi d\u00e9velopper <strong>une v\u00e9ritable comp\u00e9tence interculturelle<\/strong>.<\/p>\n\n\n\n<p>Pour plus d&#8217;information concernant les cours de langues de ritzy*, rendez-vous sur : https:\/\/www-stg.ritzy.ch\/fr\/cours-de-langues\/<\/p>\n\n\n\n<p><\/p>\n","protected":false},"excerpt":{"rendered":"<p>En Valais, o\u00f9 les Alpes d\u00e9voilent leurs ar\u00eates les plus escarp\u00e9es et o\u00f9 des anciennes traditions c\u00f4toient une \u00e9l\u00e9gance cosmopolite, une histoire singuli\u00e8re prend vie. Ici, la langue n\u2019est pas&#8230;<\/p>\n","protected":false},"author":11,"featured_media":253972,"comment_status":"open","ping_status":"closed","sticky":false,"template":"","format":"standard","meta":{"_acf_changed":false,"footnotes":"","rank_math_title":"","rank_math_description":"","rank_math_canonical_url":""},"categories":[1],"tags":[654,655,594],"class_list":["post-253946","post","type-post","status-publish","format-standard","has-post-thumbnail","hentry","category-blognews","tag-cours-de-langue","tag-hotellerie-et-restauration","tag-valais"],"acf":[],"_links":{"self":[{"href":"https:\/\/www-stg.ritzy.ch\/fr\/wp-json\/wp\/v2\/posts\/253946","targetHints":{"allow":["GET"]}}],"collection":[{"href":"https:\/\/www-stg.ritzy.ch\/fr\/wp-json\/wp\/v2\/posts"}],"about":[{"href":"https:\/\/www-stg.ritzy.ch\/fr\/wp-json\/wp\/v2\/types\/post"}],"author":[{"embeddable":true,"href":"https:\/\/www-stg.ritzy.ch\/fr\/wp-json\/wp\/v2\/users\/11"}],"replies":[{"embeddable":true,"href":"https:\/\/www-stg.ritzy.ch\/fr\/wp-json\/wp\/v2\/comments?post=253946"}],"version-history":[{"count":0,"href":"https:\/\/www-stg.ritzy.ch\/fr\/wp-json\/wp\/v2\/posts\/253946\/revisions"}],"wp:featuredmedia":[{"embeddable":true,"href":"https:\/\/www-stg.ritzy.ch\/fr\/wp-json\/wp\/v2\/media\/253972"}],"wp:attachment":[{"href":"https:\/\/www-stg.ritzy.ch\/fr\/wp-json\/wp\/v2\/media?parent=253946"}],"wp:term":[{"taxonomy":"category","embeddable":true,"href":"https:\/\/www-stg.ritzy.ch\/fr\/wp-json\/wp\/v2\/categories?post=253946"},{"taxonomy":"post_tag","embeddable":true,"href":"https:\/\/www-stg.ritzy.ch\/fr\/wp-json\/wp\/v2\/tags?post=253946"}],"curies":[{"name":"wp","href":"https:\/\/api.w.org\/{rel}","templated":true}]}}