{"id":247561,"date":"2025-08-04T14:09:32","date_gmt":"2025-08-04T12:09:32","guid":{"rendered":"https:\/\/www.ritzy.ch\/?p=247561"},"modified":"2025-08-12T16:44:20","modified_gmt":"2025-08-12T14:44:20","slug":"ele-valais-ne-connait-jamais-lennui","status":"publish","type":"post","link":"https:\/\/www-stg.ritzy.ch\/fr\/ele-valais-ne-connait-jamais-lennui\/","title":{"rendered":"Entre brillance des glaciers et parfum d\u2019abricot : pourquoi le Valais ne conna\u00eet jamais l\u2019ennui"},"content":{"rendered":"\n<p>Le Valais a toujours \u00e9t\u00e9 \u2013 et restera \u2013 une destination o\u00f9 les voyageurs reviennent sans cesse. Pour sa nature \u00e0 couper le souffle, ses saveurs authentiques, l\u2019accueil chaleureux de ses habitants, et ce savant m\u00e9lange entre traditions et modernit\u00e9. Ceux qui viennent avec un esprit ouvert (et un app\u00e9tit certain) d\u00e9couvrent toujours des surprises.<\/p>\n\n\n\n<p>Les premiers rayons du soleil sur un abricotier fra\u00eechement fleuri, un caf\u00e9 glac\u00e9 matinal \u00e0 la fen\u00eatre d\u2019un h\u00f4tel avec vue sur le Cervin \u2013 et soudain, la sensation d\u2019\u00eatre arriv\u00e9 : c\u2019est ainsi qu\u2019a commenc\u00e9 le voyage valaisan d\u2019une petite famille venue de Munich. Le p\u00e8re, passionn\u00e9 de randonn\u00e9e, y trouva son paradis. La fille s\u2019enthousiasma pour les exp\u00e9riences h\u00f4teli\u00e8res, tandis que la m\u00e8re ne tarda pas \u00e0 tomber amoureuse de la raclette et du Heida. C\u2019est cela, le Valais : chacun y trouve son endroit pr\u00e9f\u00e9r\u00e9 et des histoires inoubliables.<\/p>\n\n\n\n<h2 class=\"wp-block-heading\"><strong>Zermatt &amp; Cervin \u2013 Quand ic\u00f4nes et innovation se rencontrent<\/strong><\/h2>\n\n\n\n<p>Zermatt, rien que ce nom \u00e9voque aventure et exclusivit\u00e9. Au pied du majestueux Cervin, symbole de la Suisse et ic\u00f4ne mondiale du tourisme valaisan, le charmant village vit \u00e0 son propre rythme : sans voitures, durable et empreint de luxe. Fl\u00e2ner dans le vieux village un matin, c\u2019est ressentir \u00e0 la fois l\u2019histoire et la modernit\u00e9. Peut-\u00eatre croiserez-vous un guide de montagne en train de siroter un cappuccino sur la place de l\u2019\u00e9glise, comme ce fut le cas pour un voyageur autrefois.<\/p>\n\n\n\n<p>Le Cervin, haut de 4478 m\u00e8tres, attire photographes, skieurs et randonneurs. L\u2019innovation se manifeste notamment avec le Matterhorn Glacier Ride, le t\u00e9l\u00e9ph\u00e9rique 3S le plus haut d\u2019Europe, offrant des panoramas spectaculaires. C\u00f4t\u00e9 gastronomie, le festival \u00ab Taste of Zermatt \u00bb r\u00e9gale les papilles.<\/p>\n\n\n\n<p>Les h\u00f4tels de luxe comme \u00ab The Omnia \u00bb ou les chalets charmants imposent des standards dans la r\u00e9gion. Comme le dit Heinz Julen :<\/p>\n\n\n\n<blockquote class=\"wp-block-quote is-layout-flow wp-block-quote-is-layout-flow\">\n<p>Le Cervin n\u2019est pas qu\u2019une montagne \u2013 c\u2019est un mythe. <\/p>\n<\/blockquote>\n\n\n\n<h2 class=\"wp-block-heading\"><strong>Saas-Fee &amp; Leukerbad \u2013 Entre aventures glaciaires et r\u00eaves de bien-\u00eatre<\/strong><\/h2>\n\n\n\n<p>Pour qui cherche des contrastes authentiques, Saas-Fee et Leukerbad sont incontournables. Saas-Fee, village glaciaire sans voiture, s\u00e9duit avec ses impressionnants sommets de plus de 4000 m\u00e8tres et sa neige garantie, m\u00eame en \u00e9t\u00e9. Un enfant y d\u00e9couvre peut-\u00eatre pour la premi\u00e8re fois la sensation de la vraie neige, tandis que les v\u00e9t\u00e9tistes, skieurs et alpinistes tracent leurs voies. Le plus haut restaurant tournant du monde, l\u2019Allalin \u00e0 3500 m\u00e8tres, offre des vues inoubliables.<\/p>\n\n\n\n<p>\u00c0 quelques virages de l\u00e0, Leukerbad est la plus grande station thermale alpine d\u2019Europe. Apr\u00e8s une journ\u00e9e d\u2019activit\u00e9s sportives en Valais, les amateurs de bien-\u00eatre se plongent dans ses eaux chaudes. Les thermes romains modernis\u00e9s au Walliser Alpentherme &amp; Spa est un refuge pour les frileux et les fans de sauna.<\/p>\n\n\n\n<blockquote class=\"wp-block-quote is-layout-flow wp-block-quote-is-layout-flow\">\n<p>Apr\u00e8s une journ\u00e9e au sommet, l\u2019eau thermale de Leukerbad est comme une \u00e9treinte, confie Pascale Bumann, directrice d\u2019h\u00f4tel.<\/p>\n<\/blockquote>\n\n\n\n<p>Une combinaison unique de sports d\u2019hiver et de d\u00e9tente en Valais.<\/p>\n\n\n\n<h2 class=\"wp-block-heading\">Hors des sentiers battus : Val d\u2019Anniviers \u2013 L\u00e0 o\u00f9 le silence raconte des histoires<\/h2>\n\n\n\n<p>Dans le Val d\u2019Anniviers, le temps semble s\u2019\u00e9couler plus lentement. Ceux qui viennent ici cherchent plus qu\u2019un simple s\u00e9jour actif : ils cherchent l\u2019authenticit\u00e9. Les villages traditionnels comme Grimentz, St-Luc et Zinal semblent tout droit sortis d\u2019un livre d\u2019images : chalets en bois qui craquent, balcons fleuris, et parfois, au petit matin, l\u2019odeur de confitures maison pr\u00e9par\u00e9es dans les petits h\u00f4tels.<\/p>\n\n\n\n<p>Sur la place du village, le silence devient sc\u00e8ne : les habitants r\u00e9p\u00e8tent de l\u2019alphorn, les enfants jouent en rond, et soudain un festival en costume traditionnel appara\u00eet \u2013 des rencontres qui marquent. Ici, ce n\u2019est pas la qualit\u00e9 du signal t\u00e9l\u00e9phonique qui compte, mais le sentiment d\u2019\u00eatre chez soi.<\/p>\n\n\n\n<p>Avec plus de 400 km de sentiers de randonn\u00e9e et d\u2019innombrables pistes pour VTT, le Val d\u2019Anniviers est un secret bien gard\u00e9 pour les amateurs d\u2019individualit\u00e9. La r\u00e9gion mise sur un tourisme durable et pr\u00e9serve son authenticit\u00e9 \u2013 un contraste avec les grands h\u00f4tels de luxe du Valais.<\/p>\n\n\n\n<blockquote class=\"wp-block-quote is-layout-flow wp-block-quote-is-layout-flow\">\n<p>\u00ab \u00c0 St-Luc, il ne s\u2019agit pas d\u2019\u00eatre vu, mais de ressentir \u00bb, explique Colette Carrel, h\u00f4tesse \u00e0 Grimentz.<\/p>\n<\/blockquote>\n\n\n\n<h2 class=\"wp-block-heading\"><strong>Moments gourmands : gastronomie et univers viticole valaisan<\/strong><\/h2>\n\n\n\n<p>En Valais, chaque d\u00e9couverte culinaire commence avec le parfum du pain de seigle fra\u00eechement cuit et le regard sur les abricots dor\u00e9s. La cuisine valaisanne est c\u00e9l\u00e8bre pour la raclette, le risotto au safran de Mund et la viande s\u00e9ch\u00e9e \u2013 des sp\u00e9cialit\u00e9s que l\u2019on savoure autant dans les chalets rustiques que dans les restaurants gastronomiques.<\/p>\n\n\n\n<p>Participer \u00e0 une d\u00e9gustation dans une cave fra\u00eeche est une exp\u00e9rience inoubliable : la premi\u00e8re gorg\u00e9e de Fendant accompagn\u00e9e de Heida ou de Cornalin ouvre un monde nouveau de saveurs.<\/p>\n\n\n\n<p>La r\u00e9gion viticole du Valais, avec plus de 5000 hectares de vignes, est la plus grande de Suisse. Locaux et visiteurs se retrouvent lors de f\u00eates du vin, d\u00e9gustations et visites de caves \u2013 le plaisir se partage. Petits producteurs et grands vignerons fa\u00e7onnent ensemble la diversit\u00e9 des vins valaisans.<\/p>\n\n\n\n<blockquote class=\"wp-block-quote is-layout-flow wp-block-quote-is-layout-flow\">\n<p>\u00ab Le Valais a le go\u00fbt du soleil, de la pierre et de l\u2019inspiration \u00bb, affirme Marie-Th\u00e9r\u00e8se Chappaz, grande vigneronne.<\/p>\n<\/blockquote>\n\n\n\n<p>La gastronomie est ainsi le c\u0153ur du tourisme valaisan, pleine de caract\u00e8re, de tradition et de joie de vivre.<\/p>\n\n\n\n<h2 class=\"wp-block-heading\"><strong>Comment le Valais joue sa partition : aventures outdoor, soleil et possibilit\u00e9s (presque) infinies<\/strong><\/h2>\n\n\n\n<p>Le Valais b\u00e9n\u00e9ficie de plus de 300 jours de soleil par an, ce qui en fait un paradis pour les activit\u00e9s de plein air. Ici, les possibilit\u00e9s semblent infinies. Entre glaciers et parfums d\u2019abricots, 8000 km de sentiers, passerelles spectaculaires, lacs cristallins et une densit\u00e9 unique au monde de sommets \u00e0 plus de 4000 m\u00e8tres attirent les sportifs et les amoureux de la nature.<\/p>\n\n\n\n<p>Sur un sentier ensoleill\u00e9 pr\u00e8s de Gr\u00e4chen, un habitant expliquait comment le climat doux permet encore \u00e0 l\u2019automne les randonn\u00e9es et pique-niques . En Valais, activit\u00e9s et plaisirs se conjuguent : un bain dans un lac de montagne, un verre de Fendant au coucher du soleil.<\/p>\n\n\n\n<blockquote class=\"wp-block-quote is-layout-flow wp-block-quote-is-layout-flow\">\n<p>\u00ab Qui d\u00e9couvre le Valais \u00e0 pied repart avec le c\u0153ur \u00bb, dit Daniel Anker, auteur de guides de randonn\u00e9e.<\/p>\n<\/blockquote>\n\n\n\n<p>Le tourisme valaisan devient ainsi une aventure toute l\u2019ann\u00e9e, pour sportifs, gourmands et explorateurs.<\/p>\n\n\n\n<h2 class=\"wp-block-heading\"><strong>De la politique alpine \u00e0 Lonely Planet : strat\u00e9gie, marketing et nouvelles tendances<\/strong><\/h2>\n\n\n\n<p>Le tourisme est plus qu\u2019un secteur \u00e9conomique en Valais \u2013 c\u2019est un battement de c\u0153ur et une identit\u00e9. Avec 68 % du secteur tertiaire, il influence la vie r\u00e9gionale et fixe des standards pour toute la Suisse. La politique touristique, men\u00e9e depuis 1996 et r\u00e9vis\u00e9e en 2014, mise sur la qualit\u00e9, la durabilit\u00e9 et la diversit\u00e9, avec succ\u00e8s : <a href=\"https:\/\/www.valais.ch\/fr\" rel=\"noopener\">Valais Wallis Promotion<\/a> a positionn\u00e9 la r\u00e9gion comme une marque innovante, attirant l\u2019attention internationale gr\u00e2ce \u00e0 des campagnes cr\u00e9atives.<\/p>\n\n\n\n<p>Pas \u00e9tonnant que Lonely Planet ait class\u00e9 le Valais parmi les 5 meilleures r\u00e9gions mondiales pour 2025 \u2013 une reconnaissance majeure.<\/p>\n\n\n\n<p>Derri\u00e8re ce succ\u00e8s, il y a de l\u2019audace et des id\u00e9es. Comme le dit le vice-pr\u00e9sident du Conseil d\u2019\u00c9tat valaisan, Christophe Darbellay :<\/p>\n\n\n\n<blockquote class=\"wp-block-quote is-layout-flow wp-block-quote-is-layout-flow\">\n<p>\u00ab Sans id\u00e9es et sans courage pour changer, il n\u2019y aurait pas ce boom valaisan aujourd\u2019hui. \u00bb<\/p>\n<\/blockquote>\n\n\n\n<p>En alliant identit\u00e9 locale, branding moderne et gestion durable, le Valais s\u2019impose comme un mod\u00e8le en politique touristique \u2014 un lieu o\u00f9 l\u2019ennui est inconnu.<\/p>\n\n\n\n<p>Quand s\u2019ajoute \u00e0 cela le programme de formation unique de ritzy*, v\u00e9ritable gamechanger en qualit\u00e9, service et hospitalit\u00e9, on comprend pourquoi le Valais est synonyme d\u2019un tourisme d\u2019excellence et de caract\u00e8re.<\/p>\n\n\n\n<p><\/p>\n","protected":false},"excerpt":{"rendered":"<p>Le Valais a toujours \u00e9t\u00e9 \u2013 et restera \u2013 une destination o\u00f9 les voyageurs reviennent sans cesse. Pour sa nature \u00e0 couper le souffle, ses saveurs authentiques, l\u2019accueil chaleureux de&#8230;<\/p>\n","protected":false},"author":10,"featured_media":248477,"comment_status":"open","ping_status":"closed","sticky":false,"template":"","format":"standard","meta":{"_acf_changed":false,"footnotes":"","rank_math_title":"","rank_math_description":"","rank_math_canonical_url":""},"categories":[592,145],"tags":[380,303,594],"class_list":["post-247561","post","type-post","status-publish","format-standard","has-post-thumbnail","hentry","category-we-love-valais-2","category-tourisme","tag-explorez-le-valais","tag-tourisme","tag-valais"],"acf":[],"_links":{"self":[{"href":"https:\/\/www-stg.ritzy.ch\/fr\/wp-json\/wp\/v2\/posts\/247561","targetHints":{"allow":["GET"]}}],"collection":[{"href":"https:\/\/www-stg.ritzy.ch\/fr\/wp-json\/wp\/v2\/posts"}],"about":[{"href":"https:\/\/www-stg.ritzy.ch\/fr\/wp-json\/wp\/v2\/types\/post"}],"author":[{"embeddable":true,"href":"https:\/\/www-stg.ritzy.ch\/fr\/wp-json\/wp\/v2\/users\/10"}],"replies":[{"embeddable":true,"href":"https:\/\/www-stg.ritzy.ch\/fr\/wp-json\/wp\/v2\/comments?post=247561"}],"version-history":[{"count":0,"href":"https:\/\/www-stg.ritzy.ch\/fr\/wp-json\/wp\/v2\/posts\/247561\/revisions"}],"wp:featuredmedia":[{"embeddable":true,"href":"https:\/\/www-stg.ritzy.ch\/fr\/wp-json\/wp\/v2\/media\/248477"}],"wp:attachment":[{"href":"https:\/\/www-stg.ritzy.ch\/fr\/wp-json\/wp\/v2\/media?parent=247561"}],"wp:term":[{"taxonomy":"category","embeddable":true,"href":"https:\/\/www-stg.ritzy.ch\/fr\/wp-json\/wp\/v2\/categories?post=247561"},{"taxonomy":"post_tag","embeddable":true,"href":"https:\/\/www-stg.ritzy.ch\/fr\/wp-json\/wp\/v2\/tags?post=247561"}],"curies":[{"name":"wp","href":"https:\/\/api.w.org\/{rel}","templated":true}]}}